{"id":10813,"date":"2018-02-01T00:00:00","date_gmt":"2018-02-01T00:00:00","guid":{"rendered":"https:\/\/osancareslucenses.deputacionlugo.org\/s-o-s-para-los-carballos-de-quindous\/"},"modified":"2023-09-18T12:14:13","modified_gmt":"2023-09-18T12:14:13","slug":"s-o-s-para-los-carballos-de-quindous","status":"publish","type":"post","link":"https:\/\/osancareslucenses.deputacionlugo.org\/es\/s-o-s-para-los-carballos-de-quindous\/","title":{"rendered":"S.O.S. para los carballos de Quindous"},"content":{"rendered":"<p>Fuente: La Voz de Galicia<\/p>\n<p class=\"MsoNormal\">Los vecinos recogieron firmas para exigir medidas para evitar su muerte<\/p>\n<p class=\"MsoNormal\">Los vecinos de Quindous, en Cervantes, llevaban tiempo viendo como los cuatro carballos de la plaza, que es un espacio com\u00fan de reuni\u00f3n, se estaban deteriorando. La salud de los \u00e1rboles empez\u00f3 a preocupar seriamente a la comunidad, al comprobar que exist\u00edan claras se\u00f1ales de alarma de que est\u00e1n enfermos y necesitan someterse a una cura. Reunieron firmas para solicitar una soluci\u00f3n, con una propuesta adjunta para intervenir, al \u00f3rgano de gesti\u00f3n de la Reserva da Biosfera dos Ancares Lucenses e Montes de Navia, Cervantes e Becerre\u00e1, que no cay\u00f3 en caso roto.<\/p>\n<p class=\"MsoNormal\">La reuni\u00f3n en la que recogieron firmas para solicitar medidas para salvar los \u00e1rboles se celebr\u00f3 a mediados de junio del pasado a\u00f1o, unos meses antes de que los incendios del mes de octubre destruyeran parte de la riqueza natural de Os Ancares y minaran el \u00e1nimo de sus habitantes.<\/p>\n<p class=\"MsoNormal\">En breve, seg\u00fan confirmaron fuentes vecinales, comenzar\u00e1n los trabajos para recuperar todo el entorno, que incluyen podas sanitarias de las ramas da\u00f1adas. Por el momento no han decidido si se encargar\u00e1 de estos trabajos una empresa especializada, dado que la altura de los ejemplares es muy notable y se necesitan herramientas apropiadas, o si lo abordar\u00e1n operarios del concello.<\/p>\n<p class=\"MsoNormal\"><strong>Dos sin catalogar<\/strong><\/p>\n<p class=\"MsoNormal\">De los cuatro \u00e1rboles centenarios del conjunto solamente dos figuran en el Cat\u00e1logo Galego de \u00c1rbores Senlleiras. Los otros dos no est\u00e1n. Los vecinos no saben muy bien la raz\u00f3n de esta diferencia, porque los cuatro son especiales y necesitan cuidados. Los habitantes de la aldea se han refugiado del sol bajo sus impresionantes copas, que han sido fotografiadas por cientos de c\u00e1maras y m\u00f3viles de visitantes de Os Ancares. Los turistas tambi\u00e9n repararon en el Castelo Pazo de Quindous, del siglo XVI, que est\u00e1 localizado en la misma aldea.<\/p>\n<p class=\"MsoNormal\">Los cuatro \u00e1rboles se encuentran en dos parcelas que pertenecen a la Diputaci\u00f3n y que son las que conforman la plaza del pueblo. Los que figuran en el Cat\u00e1logo Galego de \u00c1rbores Senlleiras son un carballo albar (Quercus petraea) y un rebolo (Quercus pyrenaica). La salud de este \u00faltimo, seg\u00fan el informe que hicieron llegar los vecinos al \u00f3rgano de gesti\u00f3n de la Reserva da Biosfera dos Ancares Lucenses, \u00abat\u00f3pase moi comprometida, est\u00e1 practicamente seca\u00bb.Del carballo albar recogen que presenta \u00abun puntisecado das polas bastante xeneralizado, polo que ser\u00eda urxente a aplicaci\u00f3n de podas sanitarias para intentar evitar o seu secado xeneralizado\u00bb.<\/p>\n<p>&nbsp;<\/p>\n<p class=\"MsoNormal\">La comunidad de vecinos de Quindous considera que ser\u00eda deseable la instalaci\u00f3n de placas identificativas en los \u00e1rboles catalogados y la renovaci\u00f3n o restauraci\u00f3n del mobiliario urbano de la parcela.M\u00e1s plantacionesLos afectados proponen para mejorar el conjunto de la plaza que se lleve a cabo una plantaci\u00f3n de pies de carballo albar \u00aba modo de enriquecemento da formaci\u00f3n arb\u00f3rea presente en \u00e1mbalas parcelas\u00bb. Quieren recuperar un espacio com\u00fan, de alto valor natural, para disfrute no solo de los habitantes de la zona, sino tambi\u00e9n de visitantes, para los que esta plaza no pasa desapercibida. La plaza do Campo de Quindous est\u00e1 situada en un cruce de caminos que da acceso a la zona alta de la Reserva de Ancares, a la aldea de Piornedo y a Sete Carballos.Lugo tiene 35 ejemplares en el Cat\u00e1logo de \u00c1rboles Senlleiras. Casta\u00f1os, carballos, la pravia de Vilalba, pl\u00e1tanos de sombra, cipreses, eucaliptos, nogales y teixos, repartidos por la provincia, entre otros. El carballo principal de Quindous mide 20,4 metros y su di\u00e1metro en 2008 alcanzaba los 6,37.<\/p>\n","protected":false},"excerpt":{"rendered":"<p class=\"MsoNormal\">Los vecinos recogieron firmas para exigir medidas para evitar su muerte<\/p>\n","protected":false},"author":2,"featured_media":11590,"comment_status":"closed","ping_status":"open","sticky":false,"template":"","format":"standard","meta":{"footnotes":""},"categories":[1],"tags":[],"class_list":["post-10813","post","type-post","status-publish","format-standard","has-post-thumbnail","hentry","category-sin-categorizar"],"_links":{"self":[{"href":"https:\/\/osancareslucenses.deputacionlugo.org\/es\/wp-json\/wp\/v2\/posts\/10813","targetHints":{"allow":["GET"]}}],"collection":[{"href":"https:\/\/osancareslucenses.deputacionlugo.org\/es\/wp-json\/wp\/v2\/posts"}],"about":[{"href":"https:\/\/osancareslucenses.deputacionlugo.org\/es\/wp-json\/wp\/v2\/types\/post"}],"author":[{"embeddable":true,"href":"https:\/\/osancareslucenses.deputacionlugo.org\/es\/wp-json\/wp\/v2\/users\/2"}],"replies":[{"embeddable":true,"href":"https:\/\/osancareslucenses.deputacionlugo.org\/es\/wp-json\/wp\/v2\/comments?post=10813"}],"version-history":[{"count":0,"href":"https:\/\/osancareslucenses.deputacionlugo.org\/es\/wp-json\/wp\/v2\/posts\/10813\/revisions"}],"wp:featuredmedia":[{"embeddable":true,"href":"https:\/\/osancareslucenses.deputacionlugo.org\/es\/wp-json\/wp\/v2\/media\/11590"}],"wp:attachment":[{"href":"https:\/\/osancareslucenses.deputacionlugo.org\/es\/wp-json\/wp\/v2\/media?parent=10813"}],"wp:term":[{"taxonomy":"category","embeddable":true,"href":"https:\/\/osancareslucenses.deputacionlugo.org\/es\/wp-json\/wp\/v2\/categories?post=10813"},{"taxonomy":"post_tag","embeddable":true,"href":"https:\/\/osancareslucenses.deputacionlugo.org\/es\/wp-json\/wp\/v2\/tags?post=10813"}],"curies":[{"name":"wp","href":"https:\/\/api.w.org\/{rel}","templated":true}]}}