{"id":10833,"date":"2018-02-20T00:00:00","date_gmt":"2018-02-20T00:00:00","guid":{"rendered":"https:\/\/osancareslucenses.deputacionlugo.org\/comezan-mana-as-actividades-gratuitas-do-goberno-da-deputacion-na-reserva-da-biosfera-dos-ancares-lucenses\/"},"modified":"2023-09-18T12:11:57","modified_gmt":"2023-09-18T12:11:57","slug":"comezan-mana-as-actividades-gratuitas-do-goberno-da-deputacion-na-reserva-da-biosfera-dos-ancares-lucenses","status":"publish","type":"post","link":"https:\/\/osancareslucenses.deputacionlugo.org\/es\/comezan-mana-as-actividades-gratuitas-do-goberno-da-deputacion-na-reserva-da-biosfera-dos-ancares-lucenses\/","title":{"rendered":"Comezan ma\u00f1\u00e1 as actividades gratu\u00edtas do Goberno da Deputaci\u00f3n na Reserva da Biosfera dos Ancares Lucenses"},"content":{"rendered":"<p>Fuente: Deputaci\u00f3n de Lugo<\/p>\n<p style=\"text-align: justify;\"><strong>&#8211; A Escola de Barcia, en Navia de Suarna, acoller\u00e1 este m\u00e9rcores a primeira actividade enmarcada na programaci\u00f3n do Executivo. Tr\u00e1tase dun obradoiro sobre a preparaci\u00f3n de ung\u00fcentos con herbas m\u00e1xicas para o que xa hai inscritos 17 participantes<\/strong><\/p>\n<p style=\"text-align: justify;\"><strong>&#8211; Fern\u00e1ndez Queipo destacou a \u201cpositiva acollida coa que contan as actividades na Reserva da Biosfera dos Ancares. Para a primeira actividade, que ter\u00e1 lugar ma\u00f1\u00e1 en Navia, practicamente se completou o aforo; mentres que o obradoiro de conservas de e o de licores artesanais no Concello de Becerre\u00e1 xa completaron as prazas\u201d<\/strong><\/p>\n<p style=\"text-align: justify;\"><strong>&#8211; Este \u00e9 o primeiro dos 6 obradoiros que organiza o Goberno da Deputaci\u00f3n nos Concellos de Becerre\u00e1, Cervantes e Navia de Suarna. Os interesados en inscribirse nalg\u00fan dos cursos poden facelo en\u00a0<\/strong><a href=\"http:\/\/www.deputacionlugo.gal\/\"><strong>www.deputacionlugo.gal<\/strong><\/a><strong>\u00a0ou no 982 227 812<\/strong><\/p>\n<p style=\"text-align: justify;\">A Escola de Barcia, no Concello de Navia de Suarna, acoller\u00e1 este m\u00e9rcores o primeiro obradoiro gratu\u00edto do Goberno da Deputaci\u00f3n na Reserva da Biosfera dos Ancares. Esta actividade, que conta xa con 17 participantes, consistir\u00e1 na elaboraci\u00f3n de ung\u00fcentos con herbas m\u00e1xicas. Tr\u00e1tase da primeira das 6 actividades que organiza o Goberno da Deputaci\u00f3n no primeiro trimestre do 2018, totalmente de balde, nos Concellos de Becerre\u00e1, Cervantes e Navia de Suarna e nas que poder\u00e1n participar ata 115 persoas.<\/p>\n<p style=\"text-align: justify;\">\n<p style=\"text-align: justify;\">O Deputado de Medio Ambiente, Argelio Fern\u00e1ndez Queipo, destacou a \u201cpositiva acollida coa que contan as actividades na Reserva da Biosfera dos Ancares\u201d. Neste senso Queipo apuntou que \u201cpara a primeira actividade, que ter\u00e1 lugar ma\u00f1\u00e1 na Escola de Barcia, en Navia, practicamente se completou o aforo; mentres que o obradoiro de conservas e o de licores artesanais do Concello de Becerre\u00e1 xa completaron as prazas ofertadas. En Cervantes, quedan 20 prazas para as actividades de elaboraci\u00f3n de queixos frescos e deshidrataci\u00f3n de froitas e hortalizas, e tam\u00e9n en Navia, 13 para o obradoiro infantil de arxila\u201d.<\/p>\n<p style=\"text-align: justify;\">\n<p style=\"text-align: justify;\"><strong>Programaci\u00f3n e prazas restantes<\/strong><\/p>\n<p style=\"text-align: justify;\"><span style=\"text-decoration: underline;\">Becerre\u00e1<\/span><\/p>\n<p style=\"text-align: justify;\">O Centro de Servizos Sociais do Concello de Becerre\u00e1 acoller\u00e1 as seguintes actividades: &#8211; Obradoiro de elaboraci\u00f3n de conservas artesanais. M\u00e9rcores, 7 de marzo, de 16:00 a 20:00 horas. <strong>Prazas cubertas.<\/strong><\/p>\n<p style=\"text-align: justify;\">&#8211; Obradoiro de elaboraci\u00f3n de licores artesanais. M\u00e9rcores, 21 de marzo, de 16:00 a 20:00 horas. <strong>Prazas cubertas.<\/strong><\/p>\n<p style=\"text-align: justify;\">\n<p style=\"text-align: justify;\"><span style=\"text-decoration: underline;\">Cervantes<\/span><\/p>\n<p style=\"text-align: justify;\">O CPI de Cervantes acoller\u00e1 as seguintes actividades:<\/p>\n<p style=\"text-align: justify;\">-Obradoiro de elaboraci\u00f3n de queixos frescos. M\u00e9rcores, 28 de febreiro, de 16:00 a 19:00 horas, e m\u00e9rcores 7 de marzo, de 16:00 a 20:00 horas. <strong>\u00daltimas 14 prazas.<\/strong><\/p>\n<p style=\"text-align: justify;\">-Obradoiro de deshidrataci\u00f3n de froitas e hortalizas. M\u00e9rcores, 14 de marzo, de 16:00 a 20:00 horas. <strong>\u00daltimas 6 prazas.<\/strong><\/p>\n<p style=\"text-align: justify;\">\n<p style=\"text-align: justify;\"><span style=\"text-decoration: underline;\">Navia de Suarna<\/span><\/p>\n<p style=\"text-align: justify;\">A Escola de Barcia acoller\u00e1 as seguintes actividades:<\/p>\n<p style=\"text-align: justify;\">-Obradoiro de arxila para nenos. Venres, 30 de marzo, de 16:00 a 20:00 horas. <strong>\u00daltimas 13 prazas.<\/strong><\/p>\n","protected":false},"excerpt":{"rendered":"<p style=\"text-align: justify;\"><strong>&#8211; A Escola de Barcia, en Navia de Suarna, acoller&aacute; este m&eacute;rcores a primeira actividade enmarcada na programaci&oacute;n do Executivo. Tr&aacute;tase dun obradoiro sobre a preparaci&oacute;n de ung&uuml;entos con herbas m&aacute;xicas para o que xa hai inscritos 17 participantes<\/strong><\/p>\n<p style=\"text-align: justify;\"><strong>&#8211; Fern&aacute;ndez Queipo destacou a &ldquo;positiva acollida coa que contan as actividades na Reserva da Biosfera dos Ancares. Para a primeira actividade, que ter&aacute; lugar ma&ntilde;&aacute; en Navia, practicamente se completou o aforo; mentres que o obradoiro de conservas de e o de licores artesanais no Concello de Becerre&aacute; xa completaron as prazas&rdquo;<\/strong><\/p>\n<p style=\"text-align: justify;\"><strong>&#8211; Este &eacute; o primeiro dos 6 obradoiros que organiza o Goberno da Deputaci&oacute;n nos Concellos de Becerre&aacute;, Cervantes e Navia de Suarna. Os interesados en inscribirse nalg&uacute;n dos cursos poden facelo en&nbsp;<\/strong><a href=\"http:\/\/www.deputacionlugo.gal\/\"><strong>www.deputacionlugo.gal<\/strong><\/a><strong>&nbsp;ou no 982 227 812<\/strong><\/p>\n","protected":false},"author":2,"featured_media":11610,"comment_status":"closed","ping_status":"open","sticky":false,"template":"","format":"standard","meta":{"footnotes":""},"categories":[1],"tags":[],"class_list":["post-10833","post","type-post","status-publish","format-standard","has-post-thumbnail","hentry","category-sin-categorizar"],"_links":{"self":[{"href":"https:\/\/osancareslucenses.deputacionlugo.org\/es\/wp-json\/wp\/v2\/posts\/10833","targetHints":{"allow":["GET"]}}],"collection":[{"href":"https:\/\/osancareslucenses.deputacionlugo.org\/es\/wp-json\/wp\/v2\/posts"}],"about":[{"href":"https:\/\/osancareslucenses.deputacionlugo.org\/es\/wp-json\/wp\/v2\/types\/post"}],"author":[{"embeddable":true,"href":"https:\/\/osancareslucenses.deputacionlugo.org\/es\/wp-json\/wp\/v2\/users\/2"}],"replies":[{"embeddable":true,"href":"https:\/\/osancareslucenses.deputacionlugo.org\/es\/wp-json\/wp\/v2\/comments?post=10833"}],"version-history":[{"count":0,"href":"https:\/\/osancareslucenses.deputacionlugo.org\/es\/wp-json\/wp\/v2\/posts\/10833\/revisions"}],"wp:featuredmedia":[{"embeddable":true,"href":"https:\/\/osancareslucenses.deputacionlugo.org\/es\/wp-json\/wp\/v2\/media\/11610"}],"wp:attachment":[{"href":"https:\/\/osancareslucenses.deputacionlugo.org\/es\/wp-json\/wp\/v2\/media?parent=10833"}],"wp:term":[{"taxonomy":"category","embeddable":true,"href":"https:\/\/osancareslucenses.deputacionlugo.org\/es\/wp-json\/wp\/v2\/categories?post=10833"},{"taxonomy":"post_tag","embeddable":true,"href":"https:\/\/osancareslucenses.deputacionlugo.org\/es\/wp-json\/wp\/v2\/tags?post=10833"}],"curies":[{"name":"wp","href":"https:\/\/api.w.org\/{rel}","templated":true}]}}