{"id":10837,"date":"2018-02-28T00:00:00","date_gmt":"2018-02-28T00:00:00","guid":{"rendered":"https:\/\/osancareslucenses.deputacionlugo.org\/en-cervantes-podran-pastorear-sobre-terreno-quemado-esta-primavera\/"},"modified":"2023-09-18T12:11:56","modified_gmt":"2023-09-18T12:11:56","slug":"en-cervantes-podran-pastorear-sobre-terreno-quemado-esta-primavera","status":"publish","type":"post","link":"https:\/\/osancareslucenses.deputacionlugo.org\/es\/en-cervantes-podran-pastorear-sobre-terreno-quemado-esta-primavera\/","title":{"rendered":"En Cervantes podr\u00e1n pastorear sobre terreno quemado esta primavera"},"content":{"rendered":"<p>Fuente: La Voz de Galicia<\/p>\n<p class=\"MsoNormal\">Los ganaderos est\u00e1n a la expectativa de la comunicaci\u00f3n oficial de Medio Rural<\/p>\n<p class=\"MsoNormal\">El anuncio de la conselleira de Medio Rural de que, como excepci\u00f3n, se podr\u00e1 pastorear en las zonas afectadas por los incendios de octubre, ha generado expectaci\u00f3n en Cervantes. Esta decisi\u00f3n, comunicada por \u00c1ngeles V\u00e1zquez durante una visita a Cualedro, en Ourense, podr\u00eda afectar especialmente a los 40 ganaderos cuyos pastizales est\u00e1n situados en las 3.000 hect\u00e1reas que ardieron en Os Ancares. De confirmarse tendr\u00edan garantizado parte del alimento en la primavera.<\/p>\n<p class=\"MsoNormal\">La conselleira de Medio Rural reconoci\u00f3 que, pese a que la ley es clara en ese sentido, en este caso har\u00e1n una excepci\u00f3n con los terrenos afectados por los incendios de octubre. Para poder pastorear, seg\u00fan dijo, ser\u00e1 necesario, presentar la correspondiente solicitud. Seg\u00fan V\u00e1zquez, tambi\u00e9n podr\u00e1n cobrar la PAC. Perder las ayudas europeas era otro de los grandes temores.<\/p>\n<p class=\"MsoNormal\">Lo que no aclar\u00f3 \u00c1ngeles V\u00e1zquez, seg\u00fan fuentes consultadas, fue si tambi\u00e9n ser\u00e1 posible pastorear en las zonas en las que se declararon los incendios. En el lugar de A Freita estar\u00edan afectados cuatro explotaciones y en Vilanova, 2. En Vilarello de Don\u00eds, el tercer foco de los fuegos, no hay ninguna explotaci\u00f3n.<\/p>\n<p class=\"MsoNormal\">En la parte de Os Ancares castigada por los incendios en el pasado oto\u00f1o no ten\u00edan conocimiento oficial de esta excepcionalidad. Lo confirmaron tanto el alcalde, Benigno G\u00f3mez, como Rom\u00e1n Besteiro, gerente de la cooperativa A Carqueixa, que est\u00e1n a la espera de que se materialice el anuncio que la contemplar\u00e1 y las condiciones de la misma, para empezar a tramitar las solicitudes. Ambos coincidieron en que era una buena noticia para la zona, tanto el poder hacer uso de los terrenos en pastoreo, sin que transcurran los a\u00f1os que est\u00e1n estipulados por ley para los terrenos afectados por el fuego, como poder incluirlos en las ayudas de la PAC.<\/p>\n<p class=\"MsoNormal\">Solidaridad con los ganaderos<\/p>\n<p class=\"MsoNormal\">Esta reivindicaci\u00f3n, la de poder pastorear en terrenos afectados por los incendios, la plantearon en Cervantes desde el primer momento, ante la posibilidad de que al menos 40 explotaciones se quedaran sin alimento para el ganado en primavera y muchas de ellas para darle de comer durante todo el invierno. Esta circunstancia supuso que se pusiera en marcha una cadena de solidaridad que llev\u00f3 al municipio lucense tr\u00e1ileres cargados con hierba y con silo. En los meses m\u00e1s fr\u00edos las ganader\u00edas afectadas est\u00e1n alimentando al ganado gracias a la ayuda externa e interna de otros ganaderos que les hicieron llegar fardos de hierba y de silo. La inc\u00f3gnita se planteaba ahora en primavera.<\/p>\n<p class=\"MsoNormal\">El alcalde de Cervantes, Benigno G\u00f3mez, se\u00f1al\u00f3 ayer que esta misma ma\u00f1ana se desplazar\u00e1 a Lugo para reclamar m\u00e1s informaci\u00f3n sobre la excepcionalidad que anunci\u00f3 la conselleira de Medio Rural en Cualedro. El regidor, que dijo era una buena noticia para los afectados, explic\u00f3 que el concello estaba dispuesto a poner los medios necesarios para contribuir en la presentaci\u00f3n de las solicitudes.Benigno G\u00f3mez coment\u00f3 que en la primavera los pastos estar\u00e1n regenerados y el ganado podr\u00e1 volver a alimentarse en el monte \u00abEn canto chegue abril -dijo- reverdece todo\u00bb.El alcalde destac\u00f3 la importancia de las ganader\u00edas para un ayuntamiento de monta\u00f1a como el de Cervantes. \u00abSe non fora polas explotaci\u00f3ns -dijo- estar\u00eda todo como unha selva e o ter pouca poboaci\u00f3n \u00e9 un problema\u00bb.<\/p>\n<p class=\"MsoNormal\">Otras fuentes consultadas se\u00f1alaron que el pasado fue un a\u00f1o nefasto para Cervantes. Primero por las heladas que acabaron con la producci\u00f3n de casta\u00f1a. Despu\u00e9s la sequ\u00eda que redujo la producci\u00f3n de hierba, lo que afect\u00f3 a las 300 explotaciones de ganado que funcionan en esta zona de Os Ancares y finalmente los incendios. Fuentes consultadas se\u00f1alaron que hay ganader\u00edas que no han podido sacar a las reses de las cuadradas durante todo el invierno. Las est\u00e1n alimentando gracias a la colaboraci\u00f3n de otros productores.<\/p>\n","protected":false},"excerpt":{"rendered":"<p class=\"MsoNormal\">Los ganaderos est&aacute;n a la expectativa de la comunicaci&oacute;n oficial de Medio Rural<\/p>\n","protected":false},"author":2,"featured_media":11614,"comment_status":"closed","ping_status":"open","sticky":false,"template":"","format":"standard","meta":{"footnotes":""},"categories":[1],"tags":[],"class_list":["post-10837","post","type-post","status-publish","format-standard","has-post-thumbnail","hentry","category-sin-categorizar"],"_links":{"self":[{"href":"https:\/\/osancareslucenses.deputacionlugo.org\/es\/wp-json\/wp\/v2\/posts\/10837","targetHints":{"allow":["GET"]}}],"collection":[{"href":"https:\/\/osancareslucenses.deputacionlugo.org\/es\/wp-json\/wp\/v2\/posts"}],"about":[{"href":"https:\/\/osancareslucenses.deputacionlugo.org\/es\/wp-json\/wp\/v2\/types\/post"}],"author":[{"embeddable":true,"href":"https:\/\/osancareslucenses.deputacionlugo.org\/es\/wp-json\/wp\/v2\/users\/2"}],"replies":[{"embeddable":true,"href":"https:\/\/osancareslucenses.deputacionlugo.org\/es\/wp-json\/wp\/v2\/comments?post=10837"}],"version-history":[{"count":0,"href":"https:\/\/osancareslucenses.deputacionlugo.org\/es\/wp-json\/wp\/v2\/posts\/10837\/revisions"}],"wp:featuredmedia":[{"embeddable":true,"href":"https:\/\/osancareslucenses.deputacionlugo.org\/es\/wp-json\/wp\/v2\/media\/11614"}],"wp:attachment":[{"href":"https:\/\/osancareslucenses.deputacionlugo.org\/es\/wp-json\/wp\/v2\/media?parent=10837"}],"wp:term":[{"taxonomy":"category","embeddable":true,"href":"https:\/\/osancareslucenses.deputacionlugo.org\/es\/wp-json\/wp\/v2\/categories?post=10837"},{"taxonomy":"post_tag","embeddable":true,"href":"https:\/\/osancareslucenses.deputacionlugo.org\/es\/wp-json\/wp\/v2\/tags?post=10837"}],"curies":[{"name":"wp","href":"https:\/\/api.w.org\/{rel}","templated":true}]}}